{"id":109,"date":"2023-09-16T17:11:07","date_gmt":"2023-09-16T15:11:07","guid":{"rendered":"https:\/\/www.texty.space\/?p=109"},"modified":"2023-09-16T17:11:07","modified_gmt":"2023-09-16T15:11:07","slug":"pasmo-ze-zazemi","status":"publish","type":"post","link":"https:\/\/www.texty.space\/index.php\/2023\/09\/16\/pasmo-ze-zazemi\/","title":{"rendered":"P\u00e1smo ze Z\u00e1zem\u00ed"},"content":{"rendered":"<p>Potkan se dr\u017e\u00ed na kr\u00fdglu.<\/p>\n<p>Napiju se a\u017e pak.<\/p>\n<p>\u2013 Vyjmenujte v\u0161echny konsonanty a vok\u00e1ly. Jinak se s v\u00e1ma nebudu bavit.<\/p>\n<p>\u2013 Ale j\u00e1 se do tebe \u00fapln\u011b zabouch.<\/p>\n<p>\u2013 Z fonetick\u00e9ho a morfologick\u00e9ho hlediska to nep\u016fjde.<\/p>\n<p>Sprchovat se lze na z\u00e1chod\u011b, ale jsou tam d\u00edry v pap\u00edru ve dve\u0159\u00edch.<\/p>\n<p>\u2013 Ani z toho stylistick\u00e9ho.<\/p>\n<p>\u2013 Ale j\u00e1 jsem n\u011bjakej P\u00fdtrs.<\/p>\n<p>\u2013 Zapome\u0148te na kongruenci. Jsme spojeni pouze adjunkc\u00ed.<\/p>\n<p>Napiju se u\u017e te\u010f.<\/p>\n<p>\u2013 A ostatn\u011b jste jen partikule. Naprosto zbyte\u010dn\u00fd.<\/p>\n","protected":false},"excerpt":{"rendered":"<p>Potkan se dr\u017e\u00ed na kr\u00fdglu. Napiju se a\u017e pak. \u2013 Vyjmenujte v\u0161echny konsonanty a vok\u00e1ly. Jinak se s v\u00e1ma nebudu bavit. \u2013 Ale j\u00e1 se do tebe \u00fapln\u011b zabouch. \u2013 Z fonetick\u00e9ho a morfologick\u00e9ho hlediska to nep\u016fjde. Sprchovat se lze na z\u00e1chod\u011b, ale jsou tam d\u00edry v pap\u00edru ve dve\u0159\u00edch. \u2013 Ani z toho stylistick\u00e9ho. &hellip; <\/p>\n<p class=\"link-more\"><a href=\"https:\/\/www.texty.space\/index.php\/2023\/09\/16\/pasmo-ze-zazemi\/\" class=\"more-link\">Continue reading<span class=\"screen-reader-text\"> &#8222;P\u00e1smo ze Z\u00e1zem\u00ed&#8220;<\/span><\/a><\/p>\n","protected":false},"author":1,"featured_media":0,"comment_status":"closed","ping_status":"closed","sticky":false,"template":"","format":"standard","meta":{"footnotes":""},"categories":[1],"tags":[],"class_list":["post-109","post","type-post","status-publish","format-standard","hentry","category-nezarazene"],"_links":{"self":[{"href":"https:\/\/www.texty.space\/index.php\/wp-json\/wp\/v2\/posts\/109","targetHints":{"allow":["GET"]}}],"collection":[{"href":"https:\/\/www.texty.space\/index.php\/wp-json\/wp\/v2\/posts"}],"about":[{"href":"https:\/\/www.texty.space\/index.php\/wp-json\/wp\/v2\/types\/post"}],"author":[{"embeddable":true,"href":"https:\/\/www.texty.space\/index.php\/wp-json\/wp\/v2\/users\/1"}],"replies":[{"embeddable":true,"href":"https:\/\/www.texty.space\/index.php\/wp-json\/wp\/v2\/comments?post=109"}],"version-history":[{"count":1,"href":"https:\/\/www.texty.space\/index.php\/wp-json\/wp\/v2\/posts\/109\/revisions"}],"predecessor-version":[{"id":110,"href":"https:\/\/www.texty.space\/index.php\/wp-json\/wp\/v2\/posts\/109\/revisions\/110"}],"wp:attachment":[{"href":"https:\/\/www.texty.space\/index.php\/wp-json\/wp\/v2\/media?parent=109"}],"wp:term":[{"taxonomy":"category","embeddable":true,"href":"https:\/\/www.texty.space\/index.php\/wp-json\/wp\/v2\/categories?post=109"},{"taxonomy":"post_tag","embeddable":true,"href":"https:\/\/www.texty.space\/index.php\/wp-json\/wp\/v2\/tags?post=109"}],"curies":[{"name":"wp","href":"https:\/\/api.w.org\/{rel}","templated":true}]}}